{"id":320,"date":"2023-08-28T12:15:13","date_gmt":"2023-08-28T10:15:13","guid":{"rendered":"https:\/\/www.mve-liste.de\/?p=320"},"modified":"2023-08-28T12:15:22","modified_gmt":"2023-08-28T10:15:22","slug":"nachruf-prof-dr-gerd-juettemann","status":"publish","type":"post","link":"https:\/\/www.mve-liste.de\/index.php\/2023\/08\/28\/nachruf-prof-dr-gerd-juettemann\/","title":{"rendered":"Nachruf Prof. Dr. Gerd J\u00fcttemann"},"content":{"rendered":"\n<p>Autogenese: Gerd J\u00fcttemann hinterl\u00e4sst eine interdisziplin\u00e4re Herausforderung<\/p>\n\n\n\n<p>Nach kurzer Krankheit ist Gerd J\u00fcttemann &#8211; fast 90j\u00e4hrig &#8211; in Berlin gestorben. Als Professor f\u00fcr Psychologie an der TU Berlin war er ein konstruktiver Kritiker thematischer Verengungen des Mainstreams in seinem Fach. Bis in seine letzten Lebenswochen arbeitete er intensiv an seinen psychologisch-historischen Publikationen. &#8222;Die Entwicklung der Psyche in der Geschichte der Menschheit&#8220; (1) war w\u00e4hrend der letzten Jahrzehnte sein Lebensthema &#8211; in expliziter Nachfolge von Wilhelm Wundt.<\/p>\n\n\n\n<p>J\u00fctttemann beschrieb sein wissenschaftliches Projekt: &#8222;Die Menschheitsentwicklung vollzieht sich als Evolution und kollektive Autogenese. Es gilt, vor allem den letztgenannten Prozess grundlegend zu erforschen; ich w\u00fcrde mir w\u00fcnschen, dass dies innerhalb der Psychologie geschehen und eine so erweiterte Disziplin die Basis f\u00fcr eine integrative Humanwissenschaft werden k\u00f6nnte.&#8220; (2)<\/p>\n\n\n\n<p>Noch im h\u00f6chst aktiven und kreativen &#8222;Ruhestand&#8220; f\u00fchrte Gerd J\u00fcttemann WissenschaftlerInnen aus der Psychologie, Geschichtswissenschaft, Philosophie und angrenzenden Disziplinen zusammen und publizierte mit ihnen interdisziplin\u00e4re, jeweils thematisch koh\u00e4rente Aufsatzb\u00e4nde zur Psychogenese. Mitglieder der MVE-Liste trugen wesentliche Arbeiten bei. Mehr als 20 B\u00fccher sind daraus entstanden &#8211; bei Pabst Science Publishers, im Psychosozial Verlag und bei Vandenhoeck + Ruprecht.<\/p>\n\n\n\n<p>Im Band &#8222;Menschliche H\u00f6herentwicklung&#8220; (3) folgert J\u00fcttemann aus der zur\u00fcckliegenden Evolution, es &#8222;w\u00e4re zu erwarten, dass das sch\u00f6pferische Potenzial der kreativen Individuen generell weiter ansteigt und sich dadurch f\u00fcr die universelle Autogenese oder die psychologische Gestaltungsgeschichte der Menschheit eine g\u00fcnstige Perspektive er\u00f6ffnet.&#8220; Selbst destruktive Verhaltensweisen k\u00f6nnen positive Entwicklungen ausl\u00f6sen (4).<\/p>\n\n\n\n<p>Gerd J\u00fcttemann hat das Repertoire und die Perspektiven der Psychologie deutlich erweitert. Einer seiner Mitherausgeber, Professor em. Dr. Dr. Uwe Krebs, bilanziert: &#8222;Die Arbeiten zur Psychogenese in einem interdisziplin\u00e4ren weiten Begriffsverst\u00e4ndnis haben inzwischen erfreulich zugenommen und umfassen nicht nur, aber vor allem ein breites Spektrum unterschiedlicher Humanwissenschaften. Die integrative Offenheit hat sich dabei als starker Motor gezeigt \u2026&#8220; (5)<\/p>\n\n\n\n<p>Mit dem Tod von Gerd J\u00fcttemann ist sein Projekt auch nicht ann\u00e4hernd abgeschlossen: Es bietet eine faszinierende Herausforderung und Chance f\u00fcr nachfolgende Generationen.<\/p>\n\n\n\n<p>Wolfgang Pabst<\/p>\n\n\n\n<p>(1) J\u00fcttemann, G. Hrsg. (2013) Die Entwicklung der Psyche in der Geschichte der Menschheit. Lengerich: Pabst<br>(2) Renner, K. , L\u00fcck, H. (Hrsg.) (2017) Psychologie in Selbstdarstellungen. Lengerich: Pabst<br>(3) J\u00fcttemann, G. Hrsg. (2019) Menschliche H\u00f6herentwicklung. Lengerich: Pabst<br>(4) J\u00fcttemann, G. Hrsg. (2023) Wie Destruktivit\u00e4t die Geschichte lenkt. Gie\u00dfen: Psychosozial-Verlag<br>(5) Krebs, U. Hrsg. (2023) Woher und Wie? Verhalten und Erleben in der Geschichte der Menschheit. Lengerich: Pabst<\/p>\n","protected":false},"excerpt":{"rendered":"<p>Autogenese: Gerd J\u00fcttemann hinterl\u00e4sst eine interdisziplin\u00e4re Herausforderung Nach kurzer Krankheit ist Gerd J\u00fcttemann &#8211; fast 90j\u00e4hrig &#8211; in Berlin gestorben. Als Professor f\u00fcr Psychologie an der TU Berlin war er ein konstruktiver Kritiker thematischer Verengungen des Mainstreams in seinem Fach. Bis in seine letzten Lebenswochen arbeitete er intensiv an seinen psychologisch-historischen Publikationen. &#8222;Die Entwicklung der &hellip; <\/p>\n<p class=\"link-more\"><a href=\"https:\/\/www.mve-liste.de\/index.php\/2023\/08\/28\/nachruf-prof-dr-gerd-juettemann\/\" class=\"more-link\"><span class=\"screen-reader-text\">\u201eNachruf Prof. Dr. Gerd J\u00fcttemann\u201c<\/span> weiterlesen<\/a><\/p>\n","protected":false},"author":3,"featured_media":0,"comment_status":"open","ping_status":"open","sticky":false,"template":"","format":"standard","meta":{"footnotes":""},"categories":[1,9],"tags":[],"class_list":["post-320","post","type-post","status-publish","format-standard","hentry","category-allgemein","category-sonstiges","entry"],"_links":{"self":[{"href":"https:\/\/www.mve-liste.de\/index.php\/wp-json\/wp\/v2\/posts\/320","targetHints":{"allow":["GET"]}}],"collection":[{"href":"https:\/\/www.mve-liste.de\/index.php\/wp-json\/wp\/v2\/posts"}],"about":[{"href":"https:\/\/www.mve-liste.de\/index.php\/wp-json\/wp\/v2\/types\/post"}],"author":[{"embeddable":true,"href":"https:\/\/www.mve-liste.de\/index.php\/wp-json\/wp\/v2\/users\/3"}],"replies":[{"embeddable":true,"href":"https:\/\/www.mve-liste.de\/index.php\/wp-json\/wp\/v2\/comments?post=320"}],"version-history":[{"count":1,"href":"https:\/\/www.mve-liste.de\/index.php\/wp-json\/wp\/v2\/posts\/320\/revisions"}],"predecessor-version":[{"id":321,"href":"https:\/\/www.mve-liste.de\/index.php\/wp-json\/wp\/v2\/posts\/320\/revisions\/321"}],"wp:attachment":[{"href":"https:\/\/www.mve-liste.de\/index.php\/wp-json\/wp\/v2\/media?parent=320"}],"wp:term":[{"taxonomy":"category","embeddable":true,"href":"https:\/\/www.mve-liste.de\/index.php\/wp-json\/wp\/v2\/categories?post=320"},{"taxonomy":"post_tag","embeddable":true,"href":"https:\/\/www.mve-liste.de\/index.php\/wp-json\/wp\/v2\/tags?post=320"}],"curies":[{"name":"wp","href":"https:\/\/api.w.org\/{rel}","templated":true}]}}